[{"@context":"https:\/\/schema.org\/","@type":"Article","@id":"https:\/\/www.kreans.cz\/budte-krasna-i-v-tehotenstvi\/#Article","mainEntityOfPage":"https:\/\/www.kreans.cz\/budte-krasna-i-v-tehotenstvi\/","headline":"Bu\u010fte kr\u00e1sn\u00e1 i v t\u011bhotenstv\u00ed","name":"Bu\u010fte kr\u00e1sn\u00e1 i v t\u011bhotenstv\u00ed","description":"T\u011bhotenstv\u00ed je kr\u00e1sn\u00fdm obdob\u00edm pro ka\u017edou \u017eenu. Ta doba, kdy \u010dek\u00e1te na sv\u00e9 vytou\u017een\u00e9 miminko, se V\u00e1m n\u011bkdy m\u016f\u017ee zd\u00e1t...","datePublished":"2024-12-17","dateModified":"2024-12-17","author":{"@type":"Person","@id":"https:\/\/www.kreans.cz\/author\/#Person","name":"kreans.cz\n","url":"https:\/\/www.kreans.cz\/author\/","identifier":1,"image":{"@type":"ImageObject","@id":"https:\/\/secure.gravatar.com\/avatar\/da76ffe9456a057fb26f92cd8eb3d2effca853864e9ae2a35290bd1e10b1f7d4?s=96&d=mm&r=g","url":"https:\/\/secure.gravatar.com\/avatar\/da76ffe9456a057fb26f92cd8eb3d2effca853864e9ae2a35290bd1e10b1f7d4?s=96&d=mm&r=g","height":96,"width":96}},"publisher":{"@type":"Organization","name":"kreans.cz","logo":{"@type":"ImageObject","@id":"\/logo.png","url":"\/logo.png","width":600,"height":60}},"url":"https:\/\/www.kreans.cz\/budte-krasna-i-v-tehotenstvi\/","wordCount":200,"articleBody":" T\u011bhotenstv\u00ed je kr\u00e1sn\u00fdm obdob\u00edm pro ka\u017edou \u017eenu. Ta doba, kdy \u010dek\u00e1te na sv\u00e9 vytou\u017een\u00e9 miminko, se V\u00e1m n\u011bkdy m\u016f\u017ee zd\u00e1t dlouh\u00e1. Ale dev\u011bt m\u011bs\u00edc\u016f ute\u010de jako voda a Va\u0161e d\u011b\u0165\u00e1tko bude na sv\u011bt\u011b! Pokud u\u017e jste za\u010dala druh\u00fd trimestr, mo\u017en\u00e1 jsou patrn\u00e9 zm\u011bny na Va\u0161em b\u0159\u00ed\u0161ku, ve kter\u00e9m miminko roste. Pokud chcete vyrazit ven a n\u011bkter\u00e9 oble\u010den\u00ed V\u00e1m nen\u00ed pohodln\u00e9, je t\u0159eba koupit nov\u00e9. Spole\u010densk\u00e9 \u0161aty pro nast\u00e1vaj\u00edc\u00ed maminky najdete u n\u00e1s. T\u011bhotensk\u00e1 m\u00f3da pro V\u00e1s Miminko se hl\u00e1s\u00ed o sv\u016fj prostor na Zemi a roste ka\u017ed\u00fdm dnem. S dome\u010dkem Va\u0161eho d\u00edt\u011bte se zv\u011bt\u0161uje i va\u0161e konfek\u010dn\u00ed velikost. Je pot\u0159eba nakoupit nov\u00e9 oble\u010den\u00ed! Pohodln\u00e9 t\u011bhotensk\u00e9 kalhoty, tri\u010dko nebo t\u0159eba \u0161aty pro V\u00e1s budou nutnost\u00ed. Nemus\u00edte se b\u00e1t. Dne\u0161n\u00ed m\u00f3da je p\u0159\u00edzniv\u00e1 i pro nast\u00e1vaj\u00edc\u00ed maminky a na trhu naleznete p\u011bkn\u00e9 v\u011bci v \u0161irok\u00e9 \u0161k\u00e1le barev a motiv\u016f.                                                                                                                                                                                                                                                                                                                                                                                                "},{"@context":"https:\/\/schema.org\/","@type":"BreadcrumbList","itemListElement":[{"@type":"ListItem","position":1,"name":"Bu\u010fte kr\u00e1sn\u00e1 i v t\u011bhotenstv\u00ed","item":"https:\/\/www.kreans.cz\/budte-krasna-i-v-tehotenstvi\/#breadcrumbitem"}]}]