[{"@context":"https:\/\/schema.org\/","@type":"Article","@id":"https:\/\/www.kreans.cz\/dojedte-si-na-nakupy-vlastnim-vozem\/#Article","mainEntityOfPage":"https:\/\/www.kreans.cz\/dojedte-si-na-nakupy-vlastnim-vozem\/","headline":"Doje\u010fte si na n\u00e1kupy vlastn\u00edm vozem","name":"Doje\u010fte si na n\u00e1kupy vlastn\u00edm vozem","description":"Chcete si ud\u011blat auto\u0161kolu? Zkuste to u n\u00e1s. Jsme auto\u0161kola Slon v Brn\u011b. Fungujeme zde ji\u017e od roku 2003. Z\u00edskali...","datePublished":"2024-11-13","dateModified":"2024-11-13","author":{"@type":"Person","@id":"https:\/\/www.kreans.cz\/author\/#Person","name":"kreans.cz\n","url":"https:\/\/www.kreans.cz\/author\/","identifier":1,"image":{"@type":"ImageObject","@id":"https:\/\/secure.gravatar.com\/avatar\/da76ffe9456a057fb26f92cd8eb3d2effca853864e9ae2a35290bd1e10b1f7d4?s=96&d=mm&r=g","url":"https:\/\/secure.gravatar.com\/avatar\/da76ffe9456a057fb26f92cd8eb3d2effca853864e9ae2a35290bd1e10b1f7d4?s=96&d=mm&r=g","height":96,"width":96}},"publisher":{"@type":"Organization","name":"kreans.cz","logo":{"@type":"ImageObject","@id":"\/logo.png","url":"\/logo.png","width":600,"height":60}},"url":"https:\/\/www.kreans.cz\/dojedte-si-na-nakupy-vlastnim-vozem\/","wordCount":177,"articleBody":"\tChcete si ud\u011blat auto\u0161kolu? Zkuste to u n\u00e1s. Jsme auto\u0161kola Slon v Brn\u011b. Fungujeme zde ji\u017e od roku 2003. Z\u00edskali jsme ji\u017e bohat\u00e9 zku\u0161enosti. S na\u0161imi profesion\u00e1ln\u00edmi instruktory budete v t\u011bch nejlep\u0161\u00edch rukou. Ur\u010dit\u011b v\u00e1s nezklamou. Postupn\u011b se nau\u010d\u00edte, co k \u0159\u00edzen\u00ed motorov\u00fdch vozidel je pot\u0159eba. Auto\u0161kola Brno na v\u00e1s \u010dek\u00e1.\tAuto\u0161kola Praha\tZaj\u00edm\u00e1 v\u00e1s \u0159\u00edzen\u00ed motorov\u00fdch vozidel? To je spr\u00e1vn\u00e9, proto\u017ee v sou\u010dasn\u00e9 dob\u011b pat\u0159\u00ed \u0159\u00edzen\u00ed motorov\u00fdch vozidel t\u00e9m\u011b\u0159 k nutnosti v \u0159ad\u011b zam\u011bstn\u00e1n\u00ed. Auto\u0161kola Praha ud\u011bl\u00e1 v\u0161e pro to, aby se z v\u00e1s stali dob\u0159\u00ed, klidn\u00ed, ale i ohledupln\u00ed \u0159idi\u010di. Nen\u00ed nutn\u00e9 m\u00edt strach, na\u0161i instrukto\u0159i jsou zku\u0161en\u00ed profesion\u00e1lov\u00e9, kte\u0159\u00ed nav\u00edc perfektn\u011b znaj\u00ed provoz na brn\u011bnsk\u00fdch komunikac\u00edch.\tIndividu\u00e1ln\u00ed p\u0159\u00edstup\tProsazujeme individu\u00e1ln\u00ed p\u0159\u00edstup ke sv\u00fdm \u017e\u00e1k\u016fm. Auto\u0161kola Brno v\u00e1s v\u0161e pot\u0159ebn\u00e9 nau\u010d\u00ed.                                                                                                                                                                                                                                                                                                                                                                                        1\/5 - (1 vote)        "},{"@context":"https:\/\/schema.org\/","@type":"BreadcrumbList","itemListElement":[{"@type":"ListItem","position":1,"name":"Doje\u010fte si na n\u00e1kupy vlastn\u00edm vozem","item":"https:\/\/www.kreans.cz\/dojedte-si-na-nakupy-vlastnim-vozem\/#breadcrumbitem"}]}]