[{"@context":"https:\/\/schema.org\/","@type":"Article","@id":"https:\/\/www.kreans.cz\/eu-se-podle-sorose-musi-razne-reformovat-aby-prezila\/#Article","mainEntityOfPage":"https:\/\/www.kreans.cz\/eu-se-podle-sorose-musi-razne-reformovat-aby-prezila\/","headline":"EU se podle Sorose mus\u00ed r\u00e1zn\u011b reformovat, aby p\u0159e\u017eila","name":"EU se podle Sorose mus\u00ed r\u00e1zn\u011b reformovat, aby p\u0159e\u017eila","description":"Pot\u00e9, co finan\u010dn\u00ed trhy v \u00fater\u00fd zachv\u00e1til bou\u0159liv\u00fd zmatek v d\u016fsledku prohlubuj\u00edc\u00ed se politick\u00e9 krize v It\u00e1lii, Soros \u0159ekl, \u017ee...","datePublished":"2025-03-07","dateModified":"2023-04-27","author":{"@type":"Person","@id":"https:\/\/www.kreans.cz\/author\/#Person","name":"kreans.cz\n","url":"https:\/\/www.kreans.cz\/author\/","identifier":1,"image":{"@type":"ImageObject","@id":"https:\/\/secure.gravatar.com\/avatar\/da76ffe9456a057fb26f92cd8eb3d2effca853864e9ae2a35290bd1e10b1f7d4?s=96&d=mm&r=g","url":"https:\/\/secure.gravatar.com\/avatar\/da76ffe9456a057fb26f92cd8eb3d2effca853864e9ae2a35290bd1e10b1f7d4?s=96&d=mm&r=g","height":96,"width":96}},"publisher":{"@type":"Organization","name":"kreans.cz","logo":{"@type":"ImageObject","@id":"\/logo.png","url":"\/logo.png","width":600,"height":60}},"image":{"@type":"ImageObject","@id":"https:\/\/www.kreans.cz\/wp-content\/uploads\/img_a317470_w1713_t1528188559.jpg","url":"https:\/\/www.kreans.cz\/wp-content\/uploads\/img_a317470_w1713_t1528188559.jpg","height":0,"width":0},"url":"https:\/\/www.kreans.cz\/eu-se-podle-sorose-musi-razne-reformovat-aby-prezila\/","about":["Ekonomika"],"wordCount":400,"articleBody":"Pot\u00e9, co finan\u010dn\u00ed trhy v \u00fater\u00fd zachv\u00e1til bou\u0159liv\u00fd zmatek v d\u016fsledku prohlubuj\u00edc\u00ed se politick\u00e9 krize v It\u00e1lii, Soros \u0159ekl, \u017ee EU se od bankovn\u00ed krize v roce 2008 odch\u00fdlila od sv\u00e9ho p\u016fvodn\u00edho kurzu a bude muset proj\u00edt radik\u00e1ln\u00ed p\u0159em\u011bnou, aby p\u0159e\u017eila. &#8222;EU proch\u00e1z\u00ed existen\u010dn\u00ed kriz\u00ed. V\u0161e, co se mohlo pokazit, se pokazilo,&#8220; \u0159ekl. Soros v\u0161ak tak\u00e9 dodal, \u017ee je p\u0159esv\u011bd\u010den o tom, \u017ee nyn\u00ed je ide\u00e1ln\u00ed \u010das na to, aby se EU mohla reformovat a p\u0159ipravit si p\u016fdu pro to, aby Spojen\u00e9 kr\u00e1lovstv\u00ed ve spole\u010denstv\u00ed z\u016fstalo.&#8222;Ekonomick\u00e9 d\u016fvody pro setrv\u00e1n\u00ed v EU jsou siln\u00e9, ale potrv\u00e1 ur\u010ditou dobu, ne\u017e si to EU uv\u011bdom\u00ed,&#8220; \u0159ekl Soros. &#8222;B\u011bhem t\u00e9to doby se EU mus\u00ed transformovat do sdru\u017een\u00ed, ke kter\u00e9mu by se zem\u011b jako Brit\u00e1nie cht\u011bly p\u0159ipojit, aby pos\u00edlily sv\u016fj politick\u00fd v\u00fdznam. &#8222;Takov\u00e1to Evropa by se od sou\u010dasn\u00fdch opat\u0159en\u00ed li\u0161ila ve dvou kl\u00ed\u010dov\u00fdch ohledech. Zaprv\u00e9 by bylo jasn\u00e9 rozli\u0161en\u00ed mezi Evropskou uni\u00ed a euroz\u00f3nou. A zadruh\u00e9 by se t\u00edm uznalo, \u017ee euro p\u0159edstavuje mnoho nevy\u0159e\u0161en\u00fdch probl\u00e9m\u016f, kter\u00e9 nesm\u00ed zni\u010dit Evropskou unii.&#8220; V \u00fater\u00fd zaznamenaly prudk\u00fd pokles italsk\u00e9 dluhopisy, \u010d\u00edm\u017e se zemi zv\u00fd\u0161ily n\u00e1klady na p\u016fj\u010dky na nejvy\u0161\u0161\u00ed \u00farove\u0148 za v\u00edce ne\u017e \u010dty\u0159i roky, nebo\u0165 vzrostly obavy, \u017ee by t\u0159et\u00ed nejv\u011bt\u0161\u00ed ekonomika EU mohla opustit jednotnou m\u011bnu. Prezident Sergio Mattarella v pr\u016fb\u011bhu v\u00edkendu odm\u00edtl jmenov\u00e1n\u00ed euroskeptika ministrem financ\u00ed a polo\u017eil tak p\u016fdu pro nov\u00e9 volby koncem tohoto roku.Ma\u010farsk\u00fd rod\u00e1k Soros uvedl, \u017ee &#8222;z\u00e1vislost na \u00fasporn\u00fdch opat\u0159en\u00edch&#8220; v Evrop\u011b po\u0161kozuje hospod\u00e1\u0159sk\u00fd rozvoj, kter\u00fd byl naopak zneu\u017e\u00edv\u00e1n populistick\u00fdmi politiky k podn\u011bcov\u00e1n\u00ed protievropsk\u00fdch n\u00e1lad. &#8222;V d\u016fsledku \u00fasporn\u00fdch opat\u0159en\u00ed dnes mnoz\u00ed mlad\u00ed lid\u00e9 pova\u017euj\u00ed EU za sv\u00e9ho nep\u0159\u00edtele, kter\u00fd je p\u0159ipravil o pracovn\u00ed m\u00edsta a nad\u011bjnou budoucnost,&#8220; uvedl. Soros se domn\u00edv\u00e1, \u017ee je mo\u017en\u00e9 p\u0159ijmout dal\u0161\u00ed kroky k tomu, aby EU byla p\u0159ijateln\u011bj\u0161\u00ed pro oby\u010dejn\u00e9 voli\u010de, kter\u00e9 v roce 2008 Brusel zklamal.                                                                                                                                                                                                                                                                                                                                                                                        3.9\/5 - (7 votes)        "},{"@context":"https:\/\/schema.org\/","@type":"BreadcrumbList","itemListElement":[{"@type":"ListItem","position":1,"name":"EU se podle Sorose mus\u00ed r\u00e1zn\u011b reformovat, aby p\u0159e\u017eila","item":"https:\/\/www.kreans.cz\/eu-se-podle-sorose-musi-razne-reformovat-aby-prezila\/#breadcrumbitem"}]}]