[{"@context":"https:\/\/schema.org\/","@type":"Article","@id":"https:\/\/www.kreans.cz\/fotografovani-jako-prace-konicek-i-zabava\/#Article","mainEntityOfPage":"https:\/\/www.kreans.cz\/fotografovani-jako-prace-konicek-i-zabava\/","headline":"Fotografov\u00e1n\u00ed jako pr\u00e1ce, kon\u00ed\u010dek i z\u00e1bava","name":"Fotografov\u00e1n\u00ed jako pr\u00e1ce, kon\u00ed\u010dek i z\u00e1bava","description":"Moj\u00ed specializac\u00ed je fotografov\u00e1n\u00ed \u017een v t\u011bhotenstv\u00ed. P\u0159ipravuji ateli\u00e9r, kost\u00fdmy pro nast\u00e1vaj\u00edc\u00ed maminky a p\u0159\u00edjemnou atmosf\u00e9ru, abychom se spole\u010dn\u011b mohly...","datePublished":"2019-03-07","dateModified":"2024-01-03","author":{"@type":"Person","@id":"https:\/\/www.kreans.cz\/author\/#Person","name":"kreans.cz\n","url":"https:\/\/www.kreans.cz\/author\/","identifier":1,"image":{"@type":"ImageObject","@id":"https:\/\/secure.gravatar.com\/avatar\/da76ffe9456a057fb26f92cd8eb3d2effca853864e9ae2a35290bd1e10b1f7d4?s=96&d=mm&r=g","url":"https:\/\/secure.gravatar.com\/avatar\/da76ffe9456a057fb26f92cd8eb3d2effca853864e9ae2a35290bd1e10b1f7d4?s=96&d=mm&r=g","height":96,"width":96}},"publisher":{"@type":"Organization","name":"kreans.cz","logo":{"@type":"ImageObject","@id":"\/logo.png","url":"\/logo.png","width":600,"height":60}},"image":{"@type":"ImageObject","@id":"https:\/\/www.kreans.cz\/wp-content\/uploads\/img_a342076_w1713_t1554973520.jpg","url":"https:\/\/www.kreans.cz\/wp-content\/uploads\/img_a342076_w1713_t1554973520.jpg","height":0,"width":0},"url":"https:\/\/www.kreans.cz\/fotografovani-jako-prace-konicek-i-zabava\/","about":["Slu\u017eby"],"wordCount":471,"articleBody":"          Moj\u00ed specializac\u00ed je fotografov\u00e1n\u00ed \u017een v t\u011bhotenstv\u00ed. P\u0159ipravuji ateli\u00e9r, kost\u00fdmy pro nast\u00e1vaj\u00edc\u00ed maminky a p\u0159\u00edjemnou atmosf\u00e9ru, abychom se spole\u010dn\u011b mohly uvolnit, usm\u00e1t se do objektivu a ud\u011blat p\u00e1r kr\u00e1sn\u00fdch z\u00e1b\u011br\u016f, kter\u00e9 pro V\u00e1s budou jedine\u010dnou vzpom\u00ednkou v budoucnu. Pokud sh\u00e1n\u00edte fotografa v oblasti Zl\u00edna, pak se m\u016f\u017eete obr\u00e1tit na mou mali\u010dkost. Tato pr\u00e1ce vy\u017eaduje profesionalitu, stejn\u011b tak jako vhodn\u00fd p\u0159\u00edstup k nast\u00e1vaj\u00edc\u00edm mamink\u00e1m nebo cel\u00fdm rodin\u00e1m. Cel\u00fd efekt tkv\u00ed v jedine\u010dnosti okam\u017eiku. Kdy a jak zachytit pr\u00e1v\u011b ten okam\u017eik? Na tuto ot\u00e1zku se sna\u017e\u00edm odpov\u011bd\u011bt pomoc\u00ed m\u00e9 pr\u00e1ce, kter\u00e1 se z\u00e1rove\u0148 stala m\u00fdm kon\u00ed\u010dkem.  V\u0161e pro V\u00e1s zajist\u00ed fotografka Zl\u00edn. Moj\u00ed prac\u00ed je portr\u00e9tn\u00ed fotografov\u00e1n\u00ed. Specializuji se zejm\u00e9na na t\u011bhotenskou fotografii. R\u00e1da pro v\u00e1s p\u0159iprav\u00edm obr\u00e1zky porodu, nebo ji\u017e narozen\u00e9ho miminka, \u010di cel\u00e9 rodiny. P\u0159em\u00fd\u0161l\u00edte, \u017ee si nech\u00e1te ud\u011blat p\u00e1r fotek, abyste m\u011bli obr\u00e1zky, u kter\u00fdch byste mohli vzpom\u00ednat na kr\u00e1sn\u00e9 chv\u00edle? Vyu\u017e\u00edt m\u016f\u017eete m\u00e9 mali\u010dkosti.  Jedine\u010dnost okam\u017eiku Zachytit to prav\u00e9 kouzlo spo\u010d\u00edv\u00e1 nejenom v odbornosti, ale tak\u00e9 ve znalosti dan\u00e9 problematiky. Spr\u00e1vn\u00e9 sv\u011btlo, spr\u00e1vn\u00e1 chv\u00edle, ten letm\u00fd \u00fasm\u011bv. Jenom d\u00edky tomu mohu vytvo\u0159it jedine\u010dn\u00e9 a opravdu v\u00fdjime\u010dn\u00e9 obr\u00e1zky, kter\u00e9 se pro V\u00e1s stanou kr\u00e1sn\u00fdmi vzpom\u00ednkami. Ani fotografov\u00e1n\u00ed akt\u016f \u010di portr\u00e9t\u016f nikdy nesm\u00ed p\u016fsobit nep\u0159irozen\u011b. Pr\u00e1v\u011b v tuto dobu, kdy proch\u00e1z\u00edte t\u011bhotenstv\u00edm, jsem p\u0159ipravena V\u00e1m maxim\u00e1ln\u011b vyj\u00edt vst\u0159\u00edc. Samoz\u0159ejm\u011b cel\u00e1 spolupr\u00e1ce z\u00e1le\u017e\u00ed na domluv\u011b, proto se nebojte se na m\u011b obr\u00e1tit s jak\u00fdmikoliv po\u017eadavky, pot\u0159ebami nebo s jak\u00fdmkoliv p\u0159\u00e1n\u00edm. Budu se sna\u017eit vyhov\u011bt ka\u017ed\u00e9 klientce \u010di ka\u017ed\u00e9mu klientovi. Album pln\u00e9 vzpom\u00ednek  V dne\u0161n\u00ed dob\u011b u\u017e se nejedn\u00e1 o album, kter\u00e9 byste dr\u017eeli v ruce a prohl\u00ed\u017eeli si vyti\u0161t\u011bn\u00e9 a hmatateln\u00e9 obr\u00e1zky. Velice \u010dasto se vzpom\u00ednky a ud\u00e1losti prohl\u00ed\u017eej\u00ed na internetu nebo m\u00e1te v po\u010d\u00edta\u010di vytvo\u0159enou slo\u017eku, kter\u00e1 v\u00e1m st\u00e1le bude p\u0159ipom\u00ednat, co se ud\u00e1lo, co jste kr\u00e1sn\u00e9ho pro\u017eili a za\u017eili, \u010di jak\u00e9 to bylo, kdy\u017e jste m\u011bla t\u011bhotensk\u00e9 b\u0159\u00ed\u0161ko. Pr\u00e1v\u011b takov\u00e9to vzpom\u00ednky m\u016f\u017eete v dne\u0161n\u00ed dob\u011b tak\u00e9 sd\u00edlet se sv\u00fdmi bl\u00edzk\u00fdmi.                                                                                                                                                                                                                                                                                                                                                                                          3.9\/5 - (7 votes)        "},{"@context":"https:\/\/schema.org\/","@type":"BreadcrumbList","itemListElement":[{"@type":"ListItem","position":1,"name":"Fotografov\u00e1n\u00ed jako pr\u00e1ce, kon\u00ed\u010dek i z\u00e1bava","item":"https:\/\/www.kreans.cz\/fotografovani-jako-prace-konicek-i-zabava\/#breadcrumbitem"}]}]