[{"@context":"https:\/\/schema.org\/","@type":"Article","@id":"https:\/\/www.kreans.cz\/idealni-misto-pro-domaci-relax\/#Article","mainEntityOfPage":"https:\/\/www.kreans.cz\/idealni-misto-pro-domaci-relax\/","headline":"Ide\u00e1ln\u00ed m\u00edsto pro dom\u00e1c\u00ed relax","name":"Ide\u00e1ln\u00ed m\u00edsto pro dom\u00e1c\u00ed relax","description":"Ob\u00fdvac\u00ed pokoj dne\u0161n\u00ed doby je mnohem dynami\u010dt\u011bj\u0161\u00ed. Tak\u00e9 je takov\u00fd v\u00edce uvoln\u011bn\u00fd, jeliko\u017e mnohdy se nejedn\u00e1 pouze o uzav\u0159enou m\u00edstnost,...","datePublished":"2019-08-18","dateModified":"2023-04-27","author":{"@type":"Person","@id":"https:\/\/www.kreans.cz\/author\/#Person","name":"kreans.cz\n","url":"https:\/\/www.kreans.cz\/author\/","identifier":1,"image":{"@type":"ImageObject","@id":"https:\/\/secure.gravatar.com\/avatar\/da76ffe9456a057fb26f92cd8eb3d2effca853864e9ae2a35290bd1e10b1f7d4?s=96&d=mm&r=g","url":"https:\/\/secure.gravatar.com\/avatar\/da76ffe9456a057fb26f92cd8eb3d2effca853864e9ae2a35290bd1e10b1f7d4?s=96&d=mm&r=g","height":96,"width":96}},"publisher":{"@type":"Organization","name":"kreans.cz","logo":{"@type":"ImageObject","@id":"\/logo.png","url":"\/logo.png","width":600,"height":60}},"image":{"@type":"ImageObject","@id":"https:\/\/www.kreans.cz\/wp-content\/uploads\/img_a366122_w1713_t1578656291.jpg","url":"https:\/\/www.kreans.cz\/wp-content\/uploads\/img_a366122_w1713_t1578656291.jpg","height":0,"width":0},"url":"https:\/\/www.kreans.cz\/idealni-misto-pro-domaci-relax\/","about":["D\u016fm a byt"],"wordCount":425,"articleBody":"        Ob\u00fdvac\u00ed pokoj dne\u0161n\u00ed doby je mnohem dynami\u010dt\u011bj\u0161\u00ed. Tak\u00e9 je takov\u00fd v\u00edce uvoln\u011bn\u00fd, jeliko\u017e mnohdy se nejedn\u00e1 pouze o uzav\u0159enou m\u00edstnost, ale propojenou s kuchyn\u00ed, j\u00eddelnou nebo p\u0159\u00edmo s vchodem do zahrady \u010di na terasu. Mo\u017enost\u00ed, jak si tyto prostory m\u016f\u017eeme zp\u0159\u00edjemnit, vybavit nebo n\u011bjak\u00fdm zp\u016fsobem z\u00fatulnit je mnoho. Pokud si nev\u00edme rady, jak\u00fdm zp\u016fsobem si vytvo\u0159it ob\u00fdvac\u00ed pokoj, inspirace Skv\u011bl\u00fd domov se n\u00e1m pr\u00e1vem hod\u00ed. Zde nalezneme nejen mo\u017enosti r\u016fzn\u00fdch kombinac\u00ed, ale i rad, jak by mohla tato m\u00edstnost vypadat. Mnohdy i mal\u00e1 inspirace pom\u016f\u017ee velk\u00e9 fantazii a pot\u00e9 si dok\u00e1\u017eeme vytvo\u0159it reprezentativn\u00ed prostory podle na\u0161ich vlastn\u00edch p\u0159edstav.  Ob\u00fdvac\u00ed chameleon D\u00edky tomu, \u017ee je ob\u00fdvac\u00ed pokoj takov\u00fdm chameleonem a dokonce se v pr\u016fb\u011bhu dne m\u011bn\u00ed podle pot\u0159eb u\u017eivatel\u016f, tak je podle toho i vybaven\u00fd. Pokud je samostatn\u00fdm prostorem, tak obvykle b\u00fdv\u00e1 za\u0159\u00edzen vzdu\u0161n\u011b variabiln\u011b r\u016fzn\u00fdmi poli\u010dkami, sk\u0159\u00ed\u0148kami, stolkem na elektroniku, televizi nebo dom\u00e1c\u00ed kino. V podstat\u011b se d\u00e1 \u0159\u00edci, \u017ee vymizely velk\u00e9 t\u011b\u017ek\u00e9 robustn\u00ed st\u011bny, co\u017e skute\u010dn\u011b provzdu\u0161nilo prostor. Nyn\u00ed je trendem st\u0159\u00edd\u00e1n\u00ed pln\u00fdch a otev\u0159en\u00fdch polic, kdy se d\u00e1 postavit p\u0159esn\u011b takov\u00e1 varianta, kter\u00e1 n\u00e1m bude vyhovovat. Nav\u00edc si mus\u00edme p\u0159iznat, \u017ee n\u011bco podobn\u00e9ho je naprosto skv\u011bl\u00e9 na st\u011bhov\u00e1n\u00ed, nic t\u011b\u017ek\u00e9ho, nic p\u0159\u00edli\u0161 objemn\u00e9ho.  Materi\u00e1l, kter\u00fd se st\u00e1le dr\u017e\u00ed P\u0159\u00edrodn\u00ed materi\u00e1l, kter\u00fdm je d\u0159evo, snad nikdy neomrz\u00ed. Nab\u00edz\u00ed se st\u00e1le v r\u016fzn\u00e9m proveden\u00ed a v dne\u0161n\u00ed modern\u00ed v\u00fdbav\u011b v r\u016fzn\u00fdch n\u00e1hra\u017ek\u00e1ch, ov\u0161em s p\u0159esv\u011bd\u010div\u00fdm dekorem. Velmi \u010dasto se vyskytuje ve sv\u011btl\u00e9m proveden\u00ed, kter\u00e9 skute\u010dn\u011b p\u0159evl\u00e1d\u00e1 p\u0159ed tmav\u011b namo\u0159en\u00fdm. Barvy n\u00e1bytku se pot\u00e9 sp\u00ed\u0161e dr\u017e\u00ed ve sv\u011btlej\u0161\u00edch barv\u00e1ch, jeliko\u017e prostory dok\u00e1\u017eou tak v\u00edce projasnit. P\u0159\u00edpadn\u011b se vyskytuj\u00ed i tlumen\u00e9 odst\u00edny barev, co\u017e je velmi praktick\u00e9 pro dal\u0161\u00ed mo\u017enou kombinaci s bytov\u00fdmi dopl\u0148ky nebo dekoracemi. Pokud je propojen\u00ed rovnou do zahrady, tak se rozhodn\u011b vyplat\u00ed investovat do prosklen\u00fdch dve\u0159\u00ed, kter\u00e9 zp\u0159\u00edjemn\u00ed v\u00fdhled do zelen\u011b a nav\u00edc vpust\u00ed dostatek slune\u010dn\u00edho svitu.                                                                                                                                                                                                                                                                                                                                                                                           4.2\/5 - (4 votes)        "},{"@context":"https:\/\/schema.org\/","@type":"BreadcrumbList","itemListElement":[{"@type":"ListItem","position":1,"name":"Ide\u00e1ln\u00ed m\u00edsto pro dom\u00e1c\u00ed relax","item":"https:\/\/www.kreans.cz\/idealni-misto-pro-domaci-relax\/#breadcrumbitem"}]}]