[{"@context":"https:\/\/schema.org\/","@type":"Article","@id":"https:\/\/www.kreans.cz\/koncerty-roku-2017-ktere-si-nesmite-nechat-ujit\/#Article","mainEntityOfPage":"https:\/\/www.kreans.cz\/koncerty-roku-2017-ktere-si-nesmite-nechat-ujit\/","headline":"Koncerty roku 2017, kter\u00e9 si nesm\u00edte nechat uj\u00edt","name":"Koncerty roku 2017, kter\u00e9 si nesm\u00edte nechat uj\u00edt","description":"Rok 2017 u\u017e se naplno rozjel. Je tedy spr\u00e1vn\u00fd \u010das napl\u00e1novat si, kam letos vyraz\u00edte za kulturou. Co se t\u00fd\u010de...","datePublished":"2023-04-27","dateModified":"2023-04-27","author":{"@type":"Person","@id":"https:\/\/www.kreans.cz\/author\/#Person","name":"kreans.cz\n","url":"https:\/\/www.kreans.cz\/author\/","identifier":1,"image":{"@type":"ImageObject","@id":"https:\/\/secure.gravatar.com\/avatar\/da76ffe9456a057fb26f92cd8eb3d2effca853864e9ae2a35290bd1e10b1f7d4?s=96&d=mm&r=g","url":"https:\/\/secure.gravatar.com\/avatar\/da76ffe9456a057fb26f92cd8eb3d2effca853864e9ae2a35290bd1e10b1f7d4?s=96&d=mm&r=g","height":96,"width":96}},"publisher":{"@type":"Organization","name":"kreans.cz","logo":{"@type":"ImageObject","@id":"\/logo.png","url":"\/logo.png","width":600,"height":60}},"url":"https:\/\/www.kreans.cz\/koncerty-roku-2017-ktere-si-nesmite-nechat-ujit\/","about":["Kultura"],"wordCount":471,"articleBody":"Rok 2017 u\u017e se naplno rozjel. Je tedy spr\u00e1vn\u00fd \u010das napl\u00e1novat si, kam letos vyraz\u00edte za kulturou. Co se t\u00fd\u010de koncert\u016f, bude rok 2017 nabit\u00fd k\u00a0prasknut\u00ed. Na sv\u00e9 si p\u0159ijdou milovn\u00edci metalu, rocku i v\u00e1\u017en\u00e9 hudby, smutnit nebudou ani fanou\u0161ci rapu \u010di popu. Nicm\u00e9n\u011b, jak\u00e9 nejv\u011bt\u0161\u00ed hv\u011bzdy \u010cesk\u00e1 republika v\u00a0sedmn\u00e1ctce p\u0159iv\u00edt\u00e1? To se dozv\u00edte v\u00a0\u010dl\u00e1nku.Leto\u0161n\u00ed rok bude, co se t\u00fd\u010de hudby, milov\u00e1n zejm\u00e9na poslucha\u010d\u016fm t\u011bch tvrd\u0161\u00edch \u017e\u00e1nr\u016f. Metalist\u016fm a rocker\u016fm jejich drsn\u00e1 srdce jist\u011b posko\u010dila, kdy\u017e se dozv\u011bd\u011bli, \u017ee do \u010cesk\u00e9 republiky zav\u00edtaj\u00ed nap\u0159\u00edklad n\u011bme\u010dt\u00ed Rammstein, a to hned se dv\u011bma koncerty 28. a 29. kv\u011btna.Nad\u0161en\u00ed z\u016fst\u00e1v\u00e1 i v\u00a0p\u0159\u00edpad\u011b kapely System Of A Down v\u00a0\u010dele se Serjem Tankianem. Ti svou show do \u010ceska p\u0159ivezou 12. \u010dervna. Budeme-li se bavit o legend\u00e1ch hudebn\u00edho pr\u016fmyslu, je t\u0159eba zm\u00ednit koncert anglick\u00e9 skupiny Depeche Mode. Pokud jste jejich fanou\u0161ci, volno si napl\u00e1nujte 24. kv\u011btna. \u010cekat v\u00e1s budou v\u00a0Praze v\u00a0Eden Ar\u00e9n\u011b.Samoz\u0159ejm\u011b nesm\u00edme zapomenout na legendu mezi legendami, kapelu, jej\u00ed\u017e jm\u00e9no je v\u00a0posledn\u00ed dob\u011b velmi \u010dasto sklo\u0148ovan\u00e9 &#8211; Guns\u2019N\u2019Roses. Formace v\u00a0\u010dele s\u00a0Axlem Rosem vystoup\u00ed na leti\u0161ti v\u00a0Let\u0148anech 4. \u010dervna.\tHv\u011bzdn\u00e9 \u010desk\u00e9 hudebn\u00ed festivaly\u010cesk\u00e9 hudebn\u00ed festivaly se letos opravdu \u010din\u00ed a p\u0159ijde mi, \u017ee se mezi sebou p\u0159edh\u00e1n\u00ed, kdo hod\u00ed do placu v\u011bt\u0161\u00ed, \u00fasp\u011b\u0161n\u011bj\u0161\u00ed a slavn\u011bj\u0161\u00ed jm\u00e9no. Tak nap\u0159\u00edklad na ostravsk\u00fd barevn\u00fd festival Colours of Ostrava p\u0159ijedou Imagine Dragons. Rock for People v\u00a0Hradci Kr\u00e1lov\u00e9 l\u00e1kaj\u00ed na dlouho zapomenut\u00e9 Evanescence. A na Aerodrome Festival doraz\u00ed americk\u00e1 kapela Linkin Park.Pra\u017esk\u00fd festival Metronome nav\u0161t\u00edv\u00ed dal\u0161\u00ed skute\u010dn\u00e1 legenda &#8211; britsk\u00fd zp\u011bv\u00e1k Sting. Do \u010ceska se vr\u00e1t\u00ed po p\u011bti letech, tak\u017ee to si rozhodn\u011b nesm\u00edte nechat uj\u00edt.To st\u00e1le nen\u00ed v\u0161e. Nab\u00eddka zahrani\u010dn\u00edch hudebn\u00edk\u016f a kapel se st\u00e1le nezmen\u0161uje. Koho d\u00e1le budete m\u00edt mo\u017enost v\u00a0\u010cesku spat\u0159it?\u00b7\u00a0\u00a0\u00a0\u00a0\u00a0\u00a0\u00a0\u00a0 Jos\u00e9 Gonz\u00e1lez\u00b7\u00a0\u00a0\u00a0\u00a0\u00a0\u00a0\u00a0\u00a0 Green Day\u00b7\u00a0\u00a0\u00a0\u00a0\u00a0\u00a0\u00a0\u00a0 Ennio Morricone\u00b7\u00a0\u00a0\u00a0\u00a0\u00a0\u00a0\u00a0\u00a0 Alvaro Soler &#8211; autor \u00fasp\u011b\u0161n\u00e9ho letn\u00edho hitu Sofia\u00b7\u00a0\u00a0\u00a0\u00a0\u00a0\u00a0\u00a0\u00a0 Amy MacdonaldsSt\u00e1le nejste uchv\u00e1ceni \u010deskou hudebn\u00ed nab\u00eddkou? Co\u017e takhle d\u00e1t si jednoho Robbieho Williamse? Tento anglick\u00fd hudebn\u00edk uk\u00e1\u017ee v\u0161em, \u017ee na to st\u00e1le m\u00e1 19. srpna pod \u0161ir\u00fdm nebem na let\u0148ansk\u00e9m leti\u0161ti. Kdo je jedn\u00edm z\u00a0nejslavn\u011bj\u0161\u00edch skladatel\u016f filmov\u00fdch soundtrack\u016f? Odpov\u011bd\u011bli jste Hans Zimmer? Pokud ano, vydejte se 4. \u010dervna do O2 areny, kterou loni v\u00a0kv\u011btnu vyprodal.                                                                                                                                                                                                                                                                                                                                                                                        4.2\/5 - (8 votes)        "},{"@context":"https:\/\/schema.org\/","@type":"BreadcrumbList","itemListElement":[{"@type":"ListItem","position":1,"name":"Koncerty roku 2017, kter\u00e9 si nesm\u00edte nechat uj\u00edt","item":"https:\/\/www.kreans.cz\/koncerty-roku-2017-ktere-si-nesmite-nechat-ujit\/#breadcrumbitem"}]}]