[{"@context":"https:\/\/schema.org\/","@type":"Article","@id":"https:\/\/www.kreans.cz\/kteri-jste-vy\/#Article","mainEntityOfPage":"https:\/\/www.kreans.cz\/kteri-jste-vy\/","headline":"Kte\u0159\u00ed jste Vy?","name":"Kte\u0159\u00ed jste Vy?","description":"&#8211;\u00a0\u00a0\u00a0\u00a0\u00a0\u00a0\u00a0\u00a0\u00a0 Sed\u00edm doma u telky &#8211;\u00a0\u00a0\u00a0\u00a0\u00a0\u00a0\u00a0\u00a0\u00a0 Ob\u010das n\u011bkam zajdu, kdy\u017e m\u011b n\u011bkdo pozve, ale jen kdy\u017e se tam sed\u00ed &#8211;\u00a0\u00a0\u00a0\u00a0\u00a0\u00a0\u00a0\u00a0\u00a0...","datePublished":"2023-04-27","dateModified":"2023-04-27","author":{"@type":"Person","@id":"https:\/\/www.kreans.cz\/author\/#Person","name":"kreans.cz\n","url":"https:\/\/www.kreans.cz\/author\/","identifier":1,"image":{"@type":"ImageObject","@id":"https:\/\/secure.gravatar.com\/avatar\/da76ffe9456a057fb26f92cd8eb3d2effca853864e9ae2a35290bd1e10b1f7d4?s=96&d=mm&r=g","url":"https:\/\/secure.gravatar.com\/avatar\/da76ffe9456a057fb26f92cd8eb3d2effca853864e9ae2a35290bd1e10b1f7d4?s=96&d=mm&r=g","height":96,"width":96}},"publisher":{"@type":"Organization","name":"kreans.cz","logo":{"@type":"ImageObject","@id":"\/logo.png","url":"\/logo.png","width":600,"height":60}},"url":"https:\/\/www.kreans.cz\/kteri-jste-vy\/","about":["Kultura"],"wordCount":583,"articleBody":"&#8211;\u00a0\u00a0\u00a0\u00a0\u00a0\u00a0\u00a0\u00a0\u00a0 Sed\u00edm doma u telky&#8211;\u00a0\u00a0\u00a0\u00a0\u00a0\u00a0\u00a0\u00a0\u00a0 Ob\u010das n\u011bkam zajdu, kdy\u017e m\u011b n\u011bkdo pozve, ale jen kdy\u017e se tam sed\u00ed&#8211;\u00a0\u00a0\u00a0\u00a0\u00a0\u00a0\u00a0\u00a0\u00a0 Zvu ostatn\u00ed do divadel a na koncerty&#8211;\u00a0\u00a0\u00a0\u00a0\u00a0\u00a0\u00a0\u00a0\u00a0 Ka\u017ed\u00fd v\u00edkend na n\u011bjak\u00e9m hrad\u011b, museu, pevnosti\u2026&#8211;\u00a0\u00a0\u00a0\u00a0\u00a0\u00a0\u00a0\u00a0\u00a0 Kdy\u017e m\u016f\u017eu tak do p\u0159\u00edrody&#8211;\u00a0\u00a0\u00a0\u00a0\u00a0\u00a0\u00a0\u00a0\u00a0 Extr\u00e9mn\u00ed turistika je nejlep\u0161\u00ed z\u00e1bava na sv\u011bt\u011b\tSed\u00edm doma u telkyPohodln\u00fd zp\u016fsob \u017eivota bez v\u011bt\u0161\u00edch probl\u00e9m\u016f a vzru\u0161en\u00ed. \u010clov\u011bk si p\u0159\u00edjemn\u011b tloustne a nemus\u00ed vlastn\u011b nic moc d\u011blat. Sv\u011bt je tak velk\u00fd, jako televize, a tak omezen\u00fd jako fla\u0161ka. N\u011bkomu to vyhovuje, n\u011bkdo je sice nespokojen\u00fd, ale nechce s\u00a0t\u00edm nic d\u011blat, no a n\u011bkdo se takov\u00e9ho stavu d\u011bs\u00ed celou svou du\u0161\u00ed. Je to nejjednodu\u0161\u0161\u00ed nakl\u00e1d\u00e1n\u00ed s\u00a0voln\u00fdm \u010dasem, kter\u00fd moc nestoj\u00ed a nemus\u00ed se nijak extra udr\u017eovat v\u00a0chodu.\u00a0\tOb\u010das n\u011bkam zajdu, kdy\u017e m\u011b n\u011bkdo pozve, ale jen kdy\u017e se tam sed\u00edTakov\u00fd \u017eivotn\u00ed styl m\u016f\u017ee b\u00fdt sv\u00fdm zp\u016fsobem lep\u0161\u00ed ne\u017e \u201esed\u00edm doma u telky\u201c jeliko\u017e se setk\u00e1v\u00e1te i s\u00a0lidmi mimo svou pr\u00e1ci a rodinu. Je to rozhodn\u011b takov\u00fd startovn\u00ed m\u016fstek, kter\u00fd n\u00e1s p\u0159ipravuje na okam\u017eik, kdy si pomysl\u00edme \u201etam bych za\u0161el\u201c a takov\u00fd okam\u017eik je zlomov\u00fd, jeliko\u017e pak za\u010dnete d\u011blat to, co doopravdy chcete a ne, jen to, co cht\u011bj\u00ed d\u011blat v\u0161ichni ostatn\u00ed.\u00a0\tZvu ostatn\u00ed do divadel a na koncertyAktivn\u00ed \u010dlov\u011bk, co m\u00e1 n\u00e1pady, nebo kolem sebe t\u0159eba chce udr\u017eovat spole\u010dnost. Takov\u00fd lid\u00e9 jsou pot\u0159eba, proto\u017ee bez nich bychom kysli doma u televiz\u00ed a nedostali bychom se nikam ven. V\u0161ichni ob\u010das pot\u0159ebuj\u00ed popostr\u010dit a ti co ostatn\u00edm volaj\u00ed a neust\u00e1le je n\u011bkam tahaj\u00ed, n\u00e1m zlep\u0161uj\u00ed \u017eivot. Ka\u017ed\u00e1 p\u0159\u00edle\u017eitost j\u00edt ven by m\u011bla b\u00fdt cen\u011bna.\u00a0\tKa\u017ed\u00fd v\u00edkend na n\u011bjak\u00e9m hrad\u011b, museu, pevnosti\u2026Na\u0161e zem\u011b je doslova zasypan\u00e1 hrady, z\u0159\u00edceninami, pevnostmi z\u00a0v\u00e1lek, muzei a galeriemi. \u010clov\u011bk si skoro nest\u00edh\u00e1 vyb\u00edrat. A oni na v\u0161ech t\u011bch m\u00edstech nav\u00edc \u010dasto po\u0159\u00e1daj\u00ed n\u011bjak\u00e9 akce, a tak se vlastn\u011b ned\u00e1 ani zastavit. Nejd\u0159\u00edve jezd\u00edte sami, pak s\u00a0partnerem, a nakonec s\u00a0celou rodinou, jak se rozr\u016fst\u00e1. A to je dob\u0159e, jeliko\u017e d\u011bti od V\u00e1s d\u00edky tomu mnoho z\u00edskaj\u00ed a Vy se cel\u00fd \u017eivot udr\u017eujete v\u00a0kondici jak fyzick\u00e9, tak du\u0161evn\u00ed.\u00a0\tKdy\u017e m\u016f\u017eu tak do p\u0159\u00edrodyDokud si m\u016f\u017eeme zaj\u00edt do ticha lesa a toulat se cel\u00fd den po skal\u00e1ch je na sv\u011bt\u011b kr\u00e1sn\u011b a v\u00edme, \u017ee jsme ho je\u0161t\u011b st\u00e1le cel\u00fd nezastav\u011bli. Milovn\u00edci p\u0159\u00edrody nach\u00e1z\u00ed v\u00a0zelen\u00e9m p\u0159\u00edtm\u00ed lesa klid a energii pot\u0159ebnou pro dal\u0161\u00ed hektick\u00fd t\u00fdden.\u00a0\tExtr\u00e9mn\u00ed turistika je nejlep\u0161\u00ed z\u00e1bava na sv\u011bt\u011bTakov\u00fd lid\u00e9 dob\u0159e v\u011bd\u00ed, kde na\u010derpat dal\u0161\u00ed inspiraci. \u017dij\u00ed sv\u016fj \u017eivot naplno, a hlavn\u011b si to tu po\u0159\u00e1dn\u011b u\u017e\u00edvaj\u00ed.\u00a0Kultura je v\u0161ude kolem n\u00e1s a\u0165 u\u017e se jedn\u00e1 o rozhovor, nebo divadlo. A je d\u016fle\u017eit\u00e9 si ji jednou za \u010das dop\u0159\u00e1t. Obohacuje n\u00e1\u0161 \u017eivot a dod\u00e1v\u00e1 mu n\u011bco nav\u00edc.                                                                                                                                                                                                                                                                                                                                                                                        3.1\/5 - (8 votes)        "},{"@context":"https:\/\/schema.org\/","@type":"BreadcrumbList","itemListElement":[{"@type":"ListItem","position":1,"name":"Kte\u0159\u00ed jste Vy?","item":"https:\/\/www.kreans.cz\/kteri-jste-vy\/#breadcrumbitem"}]}]