[{"@context":"https:\/\/schema.org\/","@type":"Article","@id":"https:\/\/www.kreans.cz\/liberec-neni-jenom-jested\/#Article","mainEntityOfPage":"https:\/\/www.kreans.cz\/liberec-neni-jenom-jested\/","headline":"Liberec nen\u00ed jenom Je\u0161t\u011bd","name":"Liberec nen\u00ed jenom Je\u0161t\u011bd","description":"Kdy\u017e se \u0159ekne Liberec, s nejv\u011bt\u0161\u00ed pravd\u011bpodobnost\u00ed se v\u00e1m vybav\u00ed dva nejzn\u00e1m\u011bj\u0161\u00ed turistick\u00e9 c\u00edle. Rozhlasov\u00fd vys\u00edla\u010d Je\u0161t\u011bd a centrum Babylon...","datePublished":"2025-03-06","dateModified":"2023-04-27","author":{"@type":"Person","@id":"https:\/\/www.kreans.cz\/author\/#Person","name":"kreans.cz\n","url":"https:\/\/www.kreans.cz\/author\/","identifier":1,"image":{"@type":"ImageObject","@id":"https:\/\/secure.gravatar.com\/avatar\/da76ffe9456a057fb26f92cd8eb3d2effca853864e9ae2a35290bd1e10b1f7d4?s=96&d=mm&r=g","url":"https:\/\/secure.gravatar.com\/avatar\/da76ffe9456a057fb26f92cd8eb3d2effca853864e9ae2a35290bd1e10b1f7d4?s=96&d=mm&r=g","height":96,"width":96}},"publisher":{"@type":"Organization","name":"kreans.cz","logo":{"@type":"ImageObject","@id":"\/logo.png","url":"\/logo.png","width":600,"height":60}},"image":{"@type":"ImageObject","@id":"https:\/\/www.kreans.cz\/wp-content\/uploads\/img_a297301_w1713_t1507814831.jpg","url":"https:\/\/www.kreans.cz\/wp-content\/uploads\/img_a297301_w1713_t1507814831.jpg","height":0,"width":0},"url":"https:\/\/www.kreans.cz\/liberec-neni-jenom-jested\/","about":["Cestov\u00e1n\u00ed"],"wordCount":420,"articleBody":"\tKdy\u017e se \u0159ekne Liberec, s nejv\u011bt\u0161\u00ed pravd\u011bpodobnost\u00ed se v\u00e1m vybav\u00ed dva nejzn\u00e1m\u011bj\u0161\u00ed turistick\u00e9 c\u00edle. Rozhlasov\u00fd vys\u00edla\u010d Je\u0161t\u011bd a centrum Babylon Liberec. Najdete tu ale i dal\u0161\u00ed zaj\u00edmav\u00e1 m\u00edsta. Jak\u00e1?\t1.\u00a0\u00a0\u00a0\u00a0\u00a0 Botanick\u00e1 zahrada\u00a0v Liberci je nejstar\u0161\u00ed zahradou sv\u00e9ho druhu v \u010cesk\u00e9 republice, existuj\u00edc\u00ed u\u017e v\u00edce jak 120 let a rozkl\u00e1daj\u00edc\u00ed se na 3 500 metrech \u010dtvere\u010dn\u00edch. Ro\u010dn\u011b ji nav\u0161t\u00edv\u00ed zhruba 50 000 lid\u00ed. Skl\u00e1d\u00e1 se z dev\u00edti sklen\u00edkov\u00fdch pavilon\u016f, ale i venkovn\u00ed expozice.\t2.\u00a0\u00a0\u00a0\u00a0\u00a0 Zoologick\u00e1 zahrada je r\u00e1jem pro milovn\u00edky zv\u00ed\u0159at, stejn\u011b asi jako ka\u017ed\u00e1 ZOO. Byla zalo\u017eena u\u017e v roce 1919 a postupem \u010dasu se z n\u00ed stala jedna z nejnav\u0161t\u011bvovan\u011bj\u0161\u00edch a nejobl\u00edben\u011bj\u0161\u00edch zoologick\u00fdch zahrad. Spat\u0159it zde m\u016f\u017eete oby\u010dejnou My\u0161 dom\u00e1c\u00ed, ale tak\u00e9 t\u0159eba i Levharta sn\u011b\u017en\u00e9ho, obrovsk\u00e9ho krokod\u00fdla nebo tak z\u00e1bavn\u00e9 tu\u010d\u0148\u00e1ky \u010di surikaty.\t3.\u00a0\u00a0\u00a0\u00a0\u00a0 IQLANDIAje m\u00edsto, kter\u00e9 ohrom\u00ed nejen d\u011bti, ale i jejich rodi\u010de. Toto science centrum bylo otev\u0159eno v roce 2014 a od t\u00e9 doby se sna\u017e\u00ed d\u011bti i dosp\u011bl\u00e9 z\u00e1bavnou formou vzd\u011bl\u00e1vat a roz\u0161i\u0159ovat jejich znalosti v r\u016fzn\u00fdch oborech. Expozice, kter\u00e9 zde naleznete jsou nap\u0159\u00edklad: Kosmo, Laborato\u0159e, Vodn\u00ed sv\u011bt, \u010clov\u011bk a spousta dal\u0161\u00edch.\t4.\u00a0\u00a0\u00a0\u00a0\u00a0 Severo\u010desk\u00e9 muzeum, kter\u00e9 bylo zalo\u017eeno v roce 1873 je na\u0161\u00ed republice nejstar\u0161\u00edm tohoto druhu. V sou\u010dasn\u00e9 dob\u011b zde naleznete n\u011bkolik expozic. Expozice mechanick\u00fdch hudebn\u00edch automat\u016f je jednou z nich a vid\u011bt zde m\u016f\u017eete r\u016fzn\u00e9 druhy orchestrion\u016f, fla\u0161inet\u016f. Zaj\u00edmavost\u00ed t\u00e9to expozice je, \u017ee v\u011bt\u0161ina expon\u00e1t\u016f je st\u00e1le pln\u011b funk\u010dn\u00edch.\t5.\u00a0\u00a0\u00a0\u00a0\u00a0 Technick\u00e9 muzeum. Jak je vid\u011bt, Liberec je r\u00e1j muze\u00ed. Technick\u00e9 je dal\u0161\u00edm z nich. Zastavit se v n\u011bm m\u016f\u017eete, kdy\u017e pojedete nap\u0159\u00edklad do v\u00fd\u0161e zm\u00edn\u011bn\u00e9 Botanick\u00e9 zahrady. Nach\u00e1z\u00ed se toti\u017e nedaleko. Uvid\u00edte tu historick\u00e9 automobily, motocykly, j\u00edzdn\u00ed kola, kolejov\u00e1 vozidla nebo i expon\u00e1ty z oboru foto a video. Nejv\u011bt\u0161\u00edm expon\u00e1tem muzea je posunov\u00e1 lokomotiva LKM N \u2013 4, kter\u00e9 se vyr\u00e1b\u011bly v letech 1953 \u2013 1958.\t6.\u00a0\u00a0\u00a0\u00a0\u00a0 Libereck\u00e1 radnice\u00a0stoj\u00ed jist\u011b tak\u00e9 za zm\u00ednku. Jedn\u00e1 se o jednu z nejkr\u00e1sn\u011bj\u0161\u00edch budov tohoto druhu v \u010dech\u00e1ch. Lze vystoupat i na v\u011b\u017e a pokochat se neskute\u010dn\u00fdm v\u00fdhledem do krajiny.                                                                                                                                                                                                                                                                                                                                                                                        3\/5 - (3 votes)        "},{"@context":"https:\/\/schema.org\/","@type":"BreadcrumbList","itemListElement":[{"@type":"ListItem","position":1,"name":"Liberec nen\u00ed jenom Je\u0161t\u011bd","item":"https:\/\/www.kreans.cz\/liberec-neni-jenom-jested\/#breadcrumbitem"}]}]