[{"@context":"https:\/\/schema.org\/","@type":"Article","@id":"https:\/\/www.kreans.cz\/nechtejte-svuj-slavny-den-uspechat\/#Article","mainEntityOfPage":"https:\/\/www.kreans.cz\/nechtejte-svuj-slavny-den-uspechat\/","headline":"Necht\u011bjte sv\u016fj slavn\u00fd den usp\u011bchat","name":"Necht\u011bjte sv\u016fj slavn\u00fd den usp\u011bchat","description":"Svatba by m\u011bla b\u00fdt pro novoman\u017eele za\u010d\u00e1tkem dal\u0161\u00ed \u017eivotn\u00ed etapy. Proto je zapot\u0159eb\u00ed tento den pro\u017e\u00edt tak, aby byl opravdu...","datePublished":"2019-08-17","dateModified":"2023-04-27","author":{"@type":"Person","@id":"https:\/\/www.kreans.cz\/author\/#Person","name":"kreans.cz\n","url":"https:\/\/www.kreans.cz\/author\/","identifier":1,"image":{"@type":"ImageObject","@id":"https:\/\/secure.gravatar.com\/avatar\/da76ffe9456a057fb26f92cd8eb3d2effca853864e9ae2a35290bd1e10b1f7d4?s=96&d=mm&r=g","url":"https:\/\/secure.gravatar.com\/avatar\/da76ffe9456a057fb26f92cd8eb3d2effca853864e9ae2a35290bd1e10b1f7d4?s=96&d=mm&r=g","height":96,"width":96}},"publisher":{"@type":"Organization","name":"kreans.cz","logo":{"@type":"ImageObject","@id":"\/logo.png","url":"\/logo.png","width":600,"height":60}},"image":{"@type":"ImageObject","@id":"https:\/\/www.kreans.cz\/wp-content\/uploads\/img_a354462_w1713_t1568977761.jpg","url":"https:\/\/www.kreans.cz\/wp-content\/uploads\/img_a354462_w1713_t1568977761.jpg","height":0,"width":0},"url":"https:\/\/www.kreans.cz\/nechtejte-svuj-slavny-den-uspechat\/","about":["Slu\u017eby"],"wordCount":400,"articleBody":"   Svatba by m\u011bla b\u00fdt pro novoman\u017eele za\u010d\u00e1tkem dal\u0161\u00ed \u017eivotn\u00ed etapy. Proto je zapot\u0159eb\u00ed tento den pro\u017e\u00edt tak, aby byl opravdu nezapomenuteln\u00fdm. V sou\u010dasn\u00e9 dob\u011b se d\u00e1v\u00e1 velk\u00fd d\u016fraz na organizaci svatebn\u00edho ob\u0159adu. U\u017e to nen\u00ed jen ve sp\u011bchu dan\u00fd slib o v\u011brnosti a st\u00e1losti l\u00e1sky.  Na sv\u016fj svatebn\u00ed den se v\u011bt\u0161inou ka\u017ed\u00e1 d\u00edvka t\u011b\u0161\u00ed a bere ho jako p\u0159\u00edle\u017eitost k tomu, aby byla tou nejkr\u00e1sn\u011bj\u0161\u00ed a nejdokonalej\u0161\u00ed. Jak ale skloubit ve\u0161ker\u00e9 povinnosti, kter\u00e9 ten dokonal\u00fd a nezapomenuteln\u00fd den maj\u00ed doprov\u00e1zet? Docela jednodu\u0161e. Posta\u010d\u00ed, pokud v\u0161echny starosti prost\u011b p\u0159esunete tam, kde si s nimi snadno a bez probl\u00e9m\u016f porad\u00ed. Budete m\u00edt tak zaji\u0161t\u011bno v\u0161e pro ka\u017ed\u00e9ho pozvan\u00e9ho hosta. A jistotu, \u017ee ani jeden z nich na ten V\u00e1\u0161 den opravdu nezapomene. Dlouhodob\u00e9 a bohat\u00e9 zku\u0161enosti organiz\u00e1tor\u016f svatebn\u00edch ob\u0159ad\u016f zaru\u010d\u00ed, \u017ee se nevyskytne \u017e\u00e1dn\u00fd probl\u00e9m.   Nemus\u00edte si kl\u00e1st ot\u00e1zky typu: Kde se\u017eenu toho nejlep\u0161\u00edho kucha\u0159e a cukr\u00e1\u0159e?   Kter\u00fd svatebn\u00ed sal\u00f3n je spolehliv\u00fd a kvalitn\u00ed?   Kdo mi porad\u00ed s \u00fa\u010desem a make-upem?   Jednou z ot\u00e1zek, kter\u00e1 v\u00e1s ale jist\u011b napadne je, kolik finan\u010dn\u00edch prost\u0159edk\u016f si m\u00e1te pro tuto slu\u017ebu p\u0159ipravit. Na tuto ot\u00e1zku nen\u00ed jednozna\u010dn\u00e1 odpov\u011b\u010f. Pokud pr\u00e1v\u011b v\u00e1s zaujala slu\u017eba svatba na kl\u00ed\u010d, cena bude domluvena individu\u00e1ln\u011b.  Bude se pochopiteln\u011b odv\u00edjet od po\u010dtu host\u016f prost\u0159ed\u00ed, ve kter\u00e9m bude v\u0161e prob\u00edhat v\u00fdb\u011bru pokrm\u016f a n\u00e1poj\u016f a dal\u0161\u00edch rozhoduj\u00edc\u00edch hledisek.  Rozhodn\u011b bude ale v\u00fdsledek st\u00e1t za to.  Jednoho hosta ne\u010dekejte  Jeden host bude na va\u0161\u00ed svatb\u011b rozhodn\u011b chyb\u011bt. Ale nemus\u00edte v \u017e\u00e1dn\u00e9m p\u0159\u00edpad\u011b litovat. Je to toti\u017e host nev\u00edtan\u00fd. \u0158\u00edk\u00e1me mu stres a doprov\u00e1z\u00ed n\u00e1s na ka\u017ed\u00e9m kroku. U tohoto va\u0161eho, \u017eivotn\u00edho, ale v \u017e\u00e1dn\u00e9m p\u0159\u00edpad\u011b b\u00fdt nemus\u00ed.   V klidu si sedneme a u \u0161\u00e1lku dobr\u00e9 k\u00e1vy probereme ve\u0161ker\u00e9 va\u0161e priority. A\u010dkoliv se jedn\u00e1 z na\u0161\u00ed strany o pracovn\u00ed jedn\u00e1n\u00ed, preferujeme osobn\u00ed p\u0159\u00edstup, zalo\u017een\u00fd na vz\u00e1jemn\u00e9 d\u016fv\u011b\u0159e.                                                                                                                                                                                                                                                                                                                                                                                           4.7\/5 - (7 votes)        "},{"@context":"https:\/\/schema.org\/","@type":"BreadcrumbList","itemListElement":[{"@type":"ListItem","position":1,"name":"Necht\u011bjte sv\u016fj slavn\u00fd den usp\u011bchat","item":"https:\/\/www.kreans.cz\/nechtejte-svuj-slavny-den-uspechat\/#breadcrumbitem"}]}]