[{"@context":"https:\/\/schema.org\/","@type":"Article","@id":"https:\/\/www.kreans.cz\/nemate-radi-zimu-kvuli-zasnezenym-cestam-a-chodnikum\/#Article","mainEntityOfPage":"https:\/\/www.kreans.cz\/nemate-radi-zimu-kvuli-zasnezenym-cestam-a-chodnikum\/","headline":"Nem\u00e1te r\u00e1di zimu kv\u016fli zasn\u011b\u017een\u00fdm cest\u00e1m a chodn\u00edk\u016fm?","name":"Nem\u00e1te r\u00e1di zimu kv\u016fli zasn\u011b\u017een\u00fdm cest\u00e1m a chodn\u00edk\u016fm?","description":"Mus\u00edte v zim\u011b \u010dasto ukl\u00edzet \u010derstv\u011b napadan\u00fd sn\u00edh? Koho by bavilo odrnovat sn\u00edh t\u00e9m\u011b\u0159 ka\u017ed\u00fd den po t\u0159i m\u011bs\u00edce. Nyn\u00ed...","datePublished":"2025-01-28","dateModified":"2025-01-28","author":{"@type":"Person","@id":"https:\/\/www.kreans.cz\/author\/#Person","name":"kreans.cz\n","url":"https:\/\/www.kreans.cz\/author\/","identifier":1,"image":{"@type":"ImageObject","@id":"https:\/\/secure.gravatar.com\/avatar\/da76ffe9456a057fb26f92cd8eb3d2effca853864e9ae2a35290bd1e10b1f7d4?s=96&d=mm&r=g","url":"https:\/\/secure.gravatar.com\/avatar\/da76ffe9456a057fb26f92cd8eb3d2effca853864e9ae2a35290bd1e10b1f7d4?s=96&d=mm&r=g","height":96,"width":96}},"publisher":{"@type":"Organization","name":"kreans.cz","logo":{"@type":"ImageObject","@id":"\/logo.png","url":"\/logo.png","width":600,"height":60}},"url":"https:\/\/www.kreans.cz\/nemate-radi-zimu-kvuli-zasnezenym-cestam-a-chodnikum\/","wordCount":198,"articleBody":"Mus\u00edte v zim\u011b \u010dasto ukl\u00edzet \u010derstv\u011b napadan\u00fd sn\u00edh? Koho by bavilo odrnovat sn\u00edh t\u00e9m\u011b\u0159 ka\u017ed\u00fd den po t\u0159i m\u011bs\u00edce. Nyn\u00ed se nebudete muset lopotit s ko\u0161t\u011btem nebo lopatou. M\u016f\u017eete m\u00edt cesty i chodn\u00edky okolo domu such\u00e9 a \u010dist\u00e9, tak\u017ee si v\u00e1no\u010dn\u00ed a novoro\u010dn\u00ed sv\u00e1tky neznep\u0159\u00edjemn\u00edte \u00farazem.Pro\u010d si pr\u00e1ci neuleh\u010dit?Nab\u00edz\u00edme sn\u011bhov\u00e9 fr\u00e9zy. Ty v\u00e1m mohou velmi uleh\u010dit \u00fapravu chodn\u00edk\u016f i cest v zimn\u00edm obdob\u00ed. Fr\u00e9zy v\u00e1m poskytnou pot\u0159ebnou pomoc p\u0159i \u00faklidu sn\u011bhu. \u00daklid sn\u011bhov\u00e9 nad\u00edlky pro v\u00e1s nyn\u00ed bude jednoduch\u00fd a zvl\u00e1dnete jej za zlomek \u010dasu, kter\u00fd jste d\u0159\u00edve museli \u00faklidu sn\u011bhu ob\u011btovat. Fr\u00e9zy se staly nepostradateln\u00fdm pomocn\u00edkem pro spoustu lid\u00ed, kte\u0159\u00ed v zim\u011b mus\u00ed udr\u017eovat okol\u00ed sv\u00fdch obydl\u00ed v suchu a \u010distot\u011b. Najdete u n\u00e1s mnoho druh\u016f fr\u00e9z s r\u016fzn\u00fdmi parametry, ze kter\u00fdch si ur\u010dit\u011b vyberete tu nejvhodn\u011bj\u0161\u00ed pro v\u00e1s. Vyberte si ji d\u0159\u00edve, ne\u017e ude\u0159\u00ed zima.                                                                                                                                                                                                                                                                                                                                                                                        4.7\/5 - (3 votes)        "},{"@context":"https:\/\/schema.org\/","@type":"BreadcrumbList","itemListElement":[{"@type":"ListItem","position":1,"name":"Nem\u00e1te r\u00e1di zimu kv\u016fli zasn\u011b\u017een\u00fdm cest\u00e1m a chodn\u00edk\u016fm?","item":"https:\/\/www.kreans.cz\/nemate-radi-zimu-kvuli-zasnezenym-cestam-a-chodnikum\/#breadcrumbitem"}]}]