[{"@context":"https:\/\/schema.org\/","@type":"Article","@id":"https:\/\/www.kreans.cz\/o-dulezitosti-palet\/#Article","mainEntityOfPage":"https:\/\/www.kreans.cz\/o-dulezitosti-palet\/","headline":"O d\u016fle\u017eitosti palet","name":"O d\u016fle\u017eitosti palet","description":"V dne\u0161n\u00edm sv\u011bt\u011b pln\u00e9m globalizace je dnes a denn\u011b spousta v\u0161emo\u017en\u00fdch v\u011bc\u00ed p\u0159em\u00eds\u0165ov\u00e1na z m\u00edsta na m\u00edsto. N\u011bkdy se jedn\u00e1...","datePublished":"2019-06-14","dateModified":"2023-08-15","author":{"@type":"Person","@id":"https:\/\/www.kreans.cz\/author\/#Person","name":"kreans.cz\n","url":"https:\/\/www.kreans.cz\/author\/","identifier":1,"image":{"@type":"ImageObject","@id":"https:\/\/secure.gravatar.com\/avatar\/da76ffe9456a057fb26f92cd8eb3d2effca853864e9ae2a35290bd1e10b1f7d4?s=96&d=mm&r=g","url":"https:\/\/secure.gravatar.com\/avatar\/da76ffe9456a057fb26f92cd8eb3d2effca853864e9ae2a35290bd1e10b1f7d4?s=96&d=mm&r=g","height":96,"width":96}},"publisher":{"@type":"Organization","name":"kreans.cz","logo":{"@type":"ImageObject","@id":"\/logo.png","url":"\/logo.png","width":600,"height":60}},"image":{"@type":"ImageObject","@id":"https:\/\/www.kreans.cz\/wp-content\/uploads\/img_a350175_w1713_t1565005050.jpg","url":"https:\/\/www.kreans.cz\/wp-content\/uploads\/img_a350175_w1713_t1565005050.jpg","height":0,"width":0},"url":"https:\/\/www.kreans.cz\/o-dulezitosti-palet\/","about":["Slu\u017eby"],"wordCount":487,"articleBody":"        V dne\u0161n\u00edm sv\u011bt\u011b pln\u00e9m globalizace je dnes a denn\u011b spousta v\u0161emo\u017en\u00fdch v\u011bc\u00ed p\u0159em\u00eds\u0165ov\u00e1na z m\u00edsta na m\u00edsto. N\u011bkdy se jedn\u00e1 o p\u0159esuny na vcelku kr\u00e1tk\u00e9 vzd\u00e1lenosti, jindy se p\u0159ev\u00e1\u017e\u00ed zbo\u017e\u00ed klidn\u011b i na zcela opa\u010dn\u00fd konec sv\u011bta. A vzhledem k tomu, kolik se toho dopravuje, je nasnad\u011b, \u017ee u\u017e se s pouh\u00fdmi lidsk\u00fdmi silami nevysta\u010d\u00ed, \u017ee je pot\u0159eba kdejak\u00fd zlep\u0161ov\u00e1\u010dek, kter\u00fd by p\u0159i tomto po\u010d\u00edn\u00e1n\u00ed usnadnil zam\u011bstnanc\u016fm pr\u00e1ci.  A pr\u00e1v\u011b palety jsou jedn\u00edm z pomocn\u00edk\u016f, bez nich\u017e si u\u017e dnes nedok\u00e1\u017eeme p\u0159epravu a skladov\u00e1n\u00ed \u010dehokoliv dost dob\u0159e p\u0159edstavit. Proto\u017ee dnes u\u017e se n\u011bco vyrob\u00ed a hned na m\u00edst\u011b naskl\u00e1d\u00e1 na paletu, je\u017e se pak daleko snadn\u011bji ne\u017e hromada na zemi navr\u0161en\u00fdch v\u00fdrobk\u016f p\u0159em\u00edst\u00ed do skladu. Ke skladu p\u0159ijede n\u00e1kladn\u00ed auto a je jen ot\u00e1zkou nedlouh\u00e9ho \u010dasu, ne\u017e je na n\u011bj cel\u00e1 takov\u00e1 paleta ze skladu nalo\u017eena a nav\u00edc um\u00edst\u011bna tak, aby se maxim\u00e1ln\u011b vyu\u017eil prostor a sou\u010dasn\u011b bylo jist\u00e9, \u017ee se n\u00e1klad b\u011bhem p\u0159epravy nesesune. Pak se takov\u00e1 paleta na m\u00edst\u011b ur\u010den\u00ed stejn\u011b snadno vylo\u017e\u00ed a p\u0159em\u00edst\u00ed do skladu odb\u011bratele, jen\u017e u\u017e z n\u00ed v\u0161e hrav\u011b odebere a pr\u00e1zdnou paletu pak spolu s ostatn\u00edmi nastav\u00ed na sebe, aby tyto nezab\u00edraly m\u00edsto, ne\u017e si je op\u011bt n\u011bkdo odveze. Podobn\u011b dobrou slu\u017ebu poskytuj\u00ed lidem r\u016fzn\u00e9 typy palet. P\u0159epravn\u00ed, standardn\u00ed, atypick\u00e9 \u010di europalety s ohr\u00e1dkami i bez, gitterboxy. Ka\u017ed\u00e9 z nich maj\u00ed sv\u00e9 p\u0159ednosti, d\u00edky nim\u017e tyto nal\u00e9zaj\u00ed uplatn\u011bn\u00ed. A kde se takov\u00e9 palety berou? Jejich v\u00fdkupem i v\u00fdrobou, o\u0161et\u0159ov\u00e1n\u00edm, opravami i dopravou se u n\u00e1s ve zm\u00edn\u011bn\u00e9 firm\u011b zab\u00fdvaj\u00ed ji\u017e dlouho a \u00fasp\u011b\u0161n\u011b. Poskytuj\u00ed tu sv\u00fdm odb\u011bratel\u016fm p\u0159esn\u011b to, co tito pot\u0159ebuj\u00ed, a\u0165 u\u017e jde o v\u00fdrobky b\u011b\u017en\u00fdch rozm\u011br\u016f nebo naopak d\u011blan\u00e9 p\u0159esn\u011b na m\u00edru podle p\u0159\u00e1n\u00ed toho kter\u00e9ho z\u00e1kazn\u00edka. A d\u00edky tomu si m\u016f\u017ee b\u00fdt ka\u017ed\u00fd jist, \u017ee nalezne to prav\u00e9, co mu usnadn\u00ed jeho po\u010d\u00edn\u00e1n\u00ed, na co je mo\u017en\u00e9 nalo\u017eit prakticky jak\u00fdkoliv n\u00e1klad ur\u010den\u00fd k p\u0159eprav\u011b jak\u00fdmkoliv mysliteln\u00fdm zp\u016fsobem.  Sta\u010d\u00ed se rozhodnout, jakou m\u00e1 m\u00edt ten kter\u00fd exempl\u00e1\u0159 velikost, nosnost nebo n\u011bjak\u00fd jin\u00fd parametr a v\u0161emu mysliteln\u00e9mu tu bude vyhov\u011bno. A to je pak docela jin\u00e1 pr\u00e1ce ne\u017e p\u0159en\u00e1\u0161en\u00ed hromady v\u00fdrobk\u016f kus po kuse v n\u00e1ru\u010di.                                                                                                                                                                                                                                                                                                                                                                                           4\/5 - (3 votes)        "},{"@context":"https:\/\/schema.org\/","@type":"BreadcrumbList","itemListElement":[{"@type":"ListItem","position":1,"name":"O d\u016fle\u017eitosti palet","item":"https:\/\/www.kreans.cz\/o-dulezitosti-palet\/#breadcrumbitem"}]}]