[{"@context":"https:\/\/schema.org\/","@type":"Article","@id":"https:\/\/www.kreans.cz\/rande-vasich-rodicu\/#Article","mainEntityOfPage":"https:\/\/www.kreans.cz\/rande-vasich-rodicu\/","headline":"Rande Va\u0161ich rodi\u010d\u016f","name":"Rande Va\u0161ich rodi\u010d\u016f","description":"Jak\u00e9 to asi bylo d\u0159\u00edv? L\u00edbali se lid\u00e9 na ve\u0159ejnosti nebo jen zav\u0159en\u00ed ve sv\u00fdch komnat\u00e1ch nebo kom\u016frk\u00e1ch? Jak na...","datePublished":"2024-11-26","dateModified":"2024-11-26","author":{"@type":"Person","@id":"https:\/\/www.kreans.cz\/author\/#Person","name":"kreans.cz\n","url":"https:\/\/www.kreans.cz\/author\/","identifier":1,"image":{"@type":"ImageObject","@id":"https:\/\/secure.gravatar.com\/avatar\/da76ffe9456a057fb26f92cd8eb3d2effca853864e9ae2a35290bd1e10b1f7d4?s=96&d=mm&r=g","url":"https:\/\/secure.gravatar.com\/avatar\/da76ffe9456a057fb26f92cd8eb3d2effca853864e9ae2a35290bd1e10b1f7d4?s=96&d=mm&r=g","height":96,"width":96}},"publisher":{"@type":"Organization","name":"kreans.cz","logo":{"@type":"ImageObject","@id":"\/logo.png","url":"\/logo.png","width":600,"height":60}},"url":"https:\/\/www.kreans.cz\/rande-vasich-rodicu\/","wordCount":179,"articleBody":"Jak\u00e9 to asi bylo d\u0159\u00edv? L\u00edbali se lid\u00e9 na ve\u0159ejnosti nebo jen zav\u0159en\u00ed ve sv\u00fdch komnat\u00e1ch nebo kom\u016frk\u00e1ch? Jak na tom asi byli Va\u0161i rodi\u010de nebo prarodi\u010de? Vypr\u00e1v\u011bli V\u00e1m n\u011bkdy o sv\u00e9m prvn\u00edm rande. D\u0159\u00edve nem\u011bli internet a knihy tohoto druhu z\u0159ejm\u011b nebyly b\u011b\u017en\u011b k dost\u00e1n\u00ed. S nejv\u011bt\u0161\u00ed pravd\u011bpodobnost\u00ed si museli proj\u00edt obdob\u00edm trapas\u016f, kter\u00e9 obvykle setk\u00e1n\u00ed s opa\u010dn\u00fdm pohlav\u00edm prov\u00e1z\u00ed.  V\u0161e, co V\u00e1s rodi\u010de nenau\u010dili Vy u\u017e ale nemus\u00edte j\u00edt ve \u0161l\u00e9p\u011bj\u00edch sv\u00fdch p\u0159edk\u016f. Dne\u0161n\u00ed doba nab\u00edz\u00ed nekone\u010dnou \u0159adu vymo\u017eenost\u00ed, mimo jin\u00e9 hlavn\u011b internet a po\u010d\u00edta\u010d. Vyu\u017eijte toho, \u017ee ne\u017eijete v dob\u011b kamenn\u00e9 nebo za komunismu. Osv\u011btlete si sami v\u0161echny o\u017eehav\u00e9 situace, o kter\u00fdch V\u00e1m Va\u0161e maminka ani tat\u00ednek ne\u0159ekli a pod\u00edvejte se, jak na spr\u00e1vn\u00e9 l\u00edb\u00e1n\u00ed!                                                                                                                                                                                                                                                                                                                                                                                                "},{"@context":"https:\/\/schema.org\/","@type":"BreadcrumbList","itemListElement":[{"@type":"ListItem","position":1,"name":"Rande Va\u0161ich rodi\u010d\u016f","item":"https:\/\/www.kreans.cz\/rande-vasich-rodicu\/#breadcrumbitem"}]}]