[{"@context":"https:\/\/schema.org\/","@type":"Article","@id":"https:\/\/www.kreans.cz\/virivka\/#Article","mainEntityOfPage":"https:\/\/www.kreans.cz\/virivka\/","headline":"V\u00ed\u0159ivka","name":"V\u00ed\u0159ivka","description":"Spln\u00edme v\u00e1m va\u0161e sny. M\u00e1te koupelnu, ale v klasick\u00e9 van\u011b nebo sprchov\u00e9m koutu nen\u00ed pro v\u00e1s relax dostate\u010dn\u00fd? Tak v...","datePublished":"2024-12-24","dateModified":"2024-12-24","author":{"@type":"Person","@id":"https:\/\/www.kreans.cz\/author\/#Person","name":"kreans.cz\n","url":"https:\/\/www.kreans.cz\/author\/","identifier":1,"image":{"@type":"ImageObject","@id":"https:\/\/secure.gravatar.com\/avatar\/da76ffe9456a057fb26f92cd8eb3d2effca853864e9ae2a35290bd1e10b1f7d4?s=96&d=mm&r=g","url":"https:\/\/secure.gravatar.com\/avatar\/da76ffe9456a057fb26f92cd8eb3d2effca853864e9ae2a35290bd1e10b1f7d4?s=96&d=mm&r=g","height":96,"width":96}},"publisher":{"@type":"Organization","name":"kreans.cz","logo":{"@type":"ImageObject","@id":"\/logo.png","url":"\/logo.png","width":600,"height":60}},"url":"https:\/\/www.kreans.cz\/virivka\/","wordCount":188,"articleBody":"Spln\u00edme v\u00e1m va\u0161e sny. M\u00e1te koupelnu, ale v klasick\u00e9 van\u011b nebo sprchov\u00e9m koutu nen\u00ed pro v\u00e1s relax dostate\u010dn\u00fd? Tak v tom p\u0159\u00edpad\u011b je to prav\u00e9 \u0159e\u0161en\u00ed pro v\u00e1s. Nen\u00ed nic p\u0159\u00edjemn\u011bj\u0161\u00edho, ne\u017e si po n\u00e1ro\u010dn\u00e9m dni lehnout do mas\u00e1\u017en\u00ed vany a dop\u0159\u00e1t si opravdov\u00e9 uvoln\u011bn\u00ed v tepl\u00e9 vod\u011b. Zkuste to tak\u00e9, jist\u011b n\u00e1m d\u00e1te za pravdu.Klasick\u00e1 v\u00ed\u0159ivka je pom\u011brn\u011b mal\u00e1, proto\u017ee rozhodn\u011b neslou\u017e\u00ed k plav\u00e1n\u00ed, ale k relaxaci. Pr\u016fm\u011br je v\u011bt\u0161inou jen do dvou metr\u016f, tak\u017ee nen\u00ed ve v\u011bt\u0161in\u011b p\u0159\u00edpad\u016f probl\u00e9m s m\u00edstem k mont\u00e1\u017ei. A kapacita je od jednoho do \u010dty\u0159 lid\u00ed. Vyberte si u n\u00e1s to prav\u00e9 \u0159e\u0161en\u00ed. Va\u0161e budouc\u00ed v\u00ed\u0159ivka je u n\u00e1s.\u0160pi\u010dka na trhuNa\u0161e firma Albixon na trhu p\u016fsob\u00ed ji\u017e p\u0159ed dvacet let a v\u00ed\u0159ivka nen\u00ed jedin\u00fd n\u00e1\u0161 sortiment. Sta\u010d\u00ed se pod\u00edvat na na\u0161e str\u00e1nky a uvid\u00edte v\u00edce.                                                                                                                                                                                                                                                                                                                                                                                        3.7\/5 - (3 votes)        "},{"@context":"https:\/\/schema.org\/","@type":"BreadcrumbList","itemListElement":[{"@type":"ListItem","position":1,"name":"V\u00ed\u0159ivka","item":"https:\/\/www.kreans.cz\/virivka\/#breadcrumbitem"}]}]