[{"@context":"https:\/\/schema.org\/","@type":"Article","@id":"https:\/\/www.kreans.cz\/vite-kde-najit-uklidneni\/#Article","mainEntityOfPage":"https:\/\/www.kreans.cz\/vite-kde-najit-uklidneni\/","headline":"V\u00edte, kde naj\u00edt uklidn\u011bn\u00ed","name":"V\u00edte, kde naj\u00edt uklidn\u011bn\u00ed","description":"Po dlouh\u00e9m a nam\u00e1hav\u00e9m dni v pr\u00e1ci u\u017e se kone\u010dn\u011b t\u011b\u0161\u00edte dom\u016f. V\u00edte, \u017ee tam na V\u00e1s \u010dek\u00e1 klid a...","datePublished":"2025-01-05","dateModified":"2025-01-05","author":{"@type":"Person","@id":"https:\/\/www.kreans.cz\/author\/#Person","name":"kreans.cz\n","url":"https:\/\/www.kreans.cz\/author\/","identifier":1,"image":{"@type":"ImageObject","@id":"https:\/\/secure.gravatar.com\/avatar\/da76ffe9456a057fb26f92cd8eb3d2effca853864e9ae2a35290bd1e10b1f7d4?s=96&d=mm&r=g","url":"https:\/\/secure.gravatar.com\/avatar\/da76ffe9456a057fb26f92cd8eb3d2effca853864e9ae2a35290bd1e10b1f7d4?s=96&d=mm&r=g","height":96,"width":96}},"publisher":{"@type":"Organization","name":"kreans.cz","logo":{"@type":"ImageObject","@id":"\/logo.png","url":"\/logo.png","width":600,"height":60}},"url":"https:\/\/www.kreans.cz\/vite-kde-najit-uklidneni\/","wordCount":173,"articleBody":" Po dlouh\u00e9m a nam\u00e1hav\u00e9m dni v pr\u00e1ci u\u017e se kone\u010dn\u011b t\u011b\u0161\u00edte dom\u016f. V\u00edte, \u017ee tam na V\u00e1s \u010dek\u00e1 klid a pohoda a Vy si budete kone\u010dn\u011b moct odpo\u010dinout. Doma m\u00e1te svoje z\u00e1zem\u00ed, kter\u00e9 V\u00e1m pom\u016f\u017ee na chv\u00edli zapomenout na v\u0161echny Va\u0161e probl\u00e9my a stres. Ned\u00edlnou sou\u010d\u00e1sti Va\u0161\u00ed dom\u00e1cnosti jsou tak\u00e9 krbov\u00e1 kamna. Dod\u00e1vaj\u00ed j\u00ed ten spr\u00e1vn\u00fd n\u00e1dech pohodl\u00ed a \u00fatulnosti. Pohled do roztan\u010den\u00fdch plamen\u016f ve V\u00e1s vyvol\u00e1v\u00e1 nostalgick\u00e9 pocity a vzpom\u00ednky na to, jak jste byla mal\u00e1 a tr\u00e1vila jste s rodi\u010di \u010das na chat\u011b. V\u00edte, co pro V\u00e1s m\u00e1 cenu Pr\u00e1v\u011b d\u00edky Va\u0161\u00ed spokojenosti se neboj\u00edte doporu\u010dit p\u0159\u00e1tel\u016fm V\u00e1\u0161 recept na zklidn\u011bn\u00ed a pohodu. N\u011bkte\u0159\u00ed z nich dali na Va\u0161i radu a te\u010f rozhodn\u011b nelituj\u00ed. I jim pom\u00e1haj\u00ed krbov\u00e1 kamna navodit doma tu spr\u00e1vnou atmosf\u00e9ru.                                                                                                                                                                                                                                                                                                                                                                                        5\/5 - (1 vote)        "},{"@context":"https:\/\/schema.org\/","@type":"BreadcrumbList","itemListElement":[{"@type":"ListItem","position":1,"name":"V\u00edte, kde naj\u00edt uklidn\u011bn\u00ed","item":"https:\/\/www.kreans.cz\/vite-kde-najit-uklidneni\/#breadcrumbitem"}]}]