[{"@context":"https:\/\/schema.org\/","@type":"Article","@id":"https:\/\/www.kreans.cz\/vyjimky-se-nevztahuji-na-podnikajici-osoby\/#Article","mainEntityOfPage":"https:\/\/www.kreans.cz\/vyjimky-se-nevztahuji-na-podnikajici-osoby\/","headline":"V\u00fdjimky se nevztahuj\u00ed na podnikaj\u00edc\u00ed osoby","name":"V\u00fdjimky se nevztahuj\u00ed na podnikaj\u00edc\u00ed osoby","description":"Zpracov\u00e1n\u00ed osobn\u00edch \u00fadaj\u016f je na\u0159\u00edzeno z\u00e1konem a skute\u010dn\u011b ani drobn\u00ed podnikatel\u00e9 nebo mal\u00e9 firmy nebudou m\u00edt \u017e\u00e1dnou v\u00fdjimku, \u017ee to...","datePublished":"2019-06-18","dateModified":"2023-04-27","author":{"@type":"Person","@id":"https:\/\/www.kreans.cz\/author\/#Person","name":"kreans.cz\n","url":"https:\/\/www.kreans.cz\/author\/","identifier":1,"image":{"@type":"ImageObject","@id":"https:\/\/secure.gravatar.com\/avatar\/da76ffe9456a057fb26f92cd8eb3d2effca853864e9ae2a35290bd1e10b1f7d4?s=96&d=mm&r=g","url":"https:\/\/secure.gravatar.com\/avatar\/da76ffe9456a057fb26f92cd8eb3d2effca853864e9ae2a35290bd1e10b1f7d4?s=96&d=mm&r=g","height":96,"width":96}},"publisher":{"@type":"Organization","name":"kreans.cz","logo":{"@type":"ImageObject","@id":"\/logo.png","url":"\/logo.png","width":600,"height":60}},"image":{"@type":"ImageObject","@id":"https:\/\/www.kreans.cz\/wp-content\/uploads\/img_a350129_w1713_t1564994949.jpg","url":"https:\/\/www.kreans.cz\/wp-content\/uploads\/img_a350129_w1713_t1564994949.jpg","height":0,"width":0},"url":"https:\/\/www.kreans.cz\/vyjimky-se-nevztahuji-na-podnikajici-osoby\/","about":["Slu\u017eby"],"wordCount":408,"articleBody":"Zpracov\u00e1n\u00ed osobn\u00edch \u00fadaj\u016f je na\u0159\u00edzeno z\u00e1konem a skute\u010dn\u011b ani drobn\u00ed podnikatel\u00e9 nebo mal\u00e9 firmy nebudou m\u00edt \u017e\u00e1dnou v\u00fdjimku, \u017ee to nemus\u00ed d\u011blat. V podstat\u011b i pro n\u011b je p\u0159ipraven\u00e1 ur\u010dit\u00e1 forma \u0161kolen\u00ed, aby si dok\u00e1zali poradit a byli celkov\u011b srozum\u011bni s touto problematikou. Je pravdou, \u017ee men\u0161\u00ed firma nemus\u00ed plnit tolik opat\u0159en\u00ed, jako je to ustanoveno pro velk\u00e9 spole\u010dnosti. Nicm\u00e9n\u011b ka\u017ed\u00fd, kdo bude pracovat s osobn\u00edmi \u00fadaji, je spr\u00e1vce dat a je zodpov\u011bdn\u00fd za jejich zpracov\u00e1n\u00ed a tak\u00e9 bezpe\u010dnost, tud\u00ed\u017e GDPR pro mal\u00e9 firmy je p\u0159irozen\u011b povinnost\u00ed. Ve\u0161ker\u00e1 zodpov\u011bdnost bude n\u00e1sledovat za spr\u00e1vcem.  Co v\u0161e mus\u00ed dokumenty obsahovat?  N\u00e1zev a kontaktn\u00ed \u00fadaje firmy. Jm\u00e9no a kontaktn\u00ed \u00fadaje spr\u00e1vce, p\u0159\u00edpadn\u011b spole\u010dn\u00e9ho spr\u00e1vce. Kdo m\u00e1 z\u00e1stupce spr\u00e1vce a pov\u011b\u0159ence pro ochranu osobn\u00edch \u00fadaj\u016f, tak je t\u00e9\u017e uvede. \u00da\u010dely zpracov\u00e1n\u00ed. Zde mus\u00ed b\u00fdt uvedeno, pro\u010d a za jak\u00fdm \u00fa\u010delem se tyto \u00fadaje zpracov\u00e1vaj\u00ed, prakticky na jak\u00e9m z\u00e1klad\u011b, co\u017e m\u016f\u017ee b\u00fdt nab\u00eddka slu\u017eeb, kontakt, smlouva atd. Jasn\u011b a z\u0159eteln\u011b o koho se bude jednat, zdali o zam\u011bstnance, z\u00e1kazn\u00edka, dodavatele, atd. P\u0159irozen\u011b sou\u010d\u00e1st\u00ed \u00fadaj\u016f je nejen jm\u00e9no, ale i bydli\u0161t\u011b, e-mailov\u00e1 adresa, telefon a dal\u0161\u00ed. Kategorie p\u0159\u00edjemc\u016f, kter\u00fdm byly nebo budou osobn\u00ed \u00fadaje zp\u0159\u00edstupn\u011bny, v\u010detn\u011b p\u0159\u00edjemc\u016f ve t\u0159et\u00edch zem\u00edch. To v\u011bt\u0161inou se moc u drobn\u00fdch \u017eivnostn\u00edk\u016f nevid\u00ed, \u017ee by se \u00fadaje d\u00e1valy do t\u0159et\u00edch zem\u00ed, ale kdyby n\u00e1hodou takov\u00e1 situace nastala, tak je t\u0159eba b\u00fdt na to p\u0159ipraven\u00fd. Pokud je to mo\u017en\u00e9, je t\u0159eba zaznamenat pl\u00e1novan\u00e9 lh\u016fty pro v\u00fdmaz jednotliv\u00fdch kategori\u00ed \u00fadaj\u016f. \u010cas se m\u016f\u017ee dohodnout vz\u00e1jemn\u00fdm posouzen\u00edm, nen\u00ed nijak stanoven\u00fd. Sou\u010d\u00e1st\u00ed by m\u011bl b\u00fdt i obecn\u00fd popis technick\u00fdch a organiza\u010dn\u00edch bezpe\u010dnostn\u00edch opat\u0159en\u00ed. Kam se budou dokumenty ukl\u00e1dat a jak budou zabezpe\u010deny.  Zpracov\u00e1n\u00ed netrv\u00e1 dlouho a je lep\u0161\u00ed m\u00edt v\u0161e v po\u0159\u00e1dku d\u0159\u00edve, ne\u017e firmu nebo spole\u010dnost nav\u0161t\u00edv\u00ed dozorov\u00fd \u00fa\u0159ad, kter\u00fd je opr\u00e1vn\u011bn\u00fd vystavit i nemalou pokutu za nedodr\u017een\u00ed Obecn\u00e9ho na\u0159\u00edzen\u00ed.                                                                                                                                                                                                                                                                                                                                                                                         4.3\/5 - (3 votes)        "},{"@context":"https:\/\/schema.org\/","@type":"BreadcrumbList","itemListElement":[{"@type":"ListItem","position":1,"name":"V\u00fdjimky se nevztahuj\u00ed na podnikaj\u00edc\u00ed osoby","item":"https:\/\/www.kreans.cz\/vyjimky-se-nevztahuji-na-podnikajici-osoby\/#breadcrumbitem"}]}]